{"id":886,"date":"2025-05-06T10:02:56","date_gmt":"2025-05-06T08:02:56","guid":{"rendered":"https:\/\/baublog.ub.tu-dortmund.de\/?p=886"},"modified":"2025-05-06T10:02:56","modified_gmt":"2025-05-06T08:02:56","slug":"abriss-der-bibliothek-das-wars-fast","status":"publish","type":"post","link":"https:\/\/baublog.ub.tu-dortmund.de\/index.php\/abriss-der-bibliothek-das-wars-fast\/","title":{"rendered":"Abriss der Bibliothek: Das war&#8217;s (fast)"},"content":{"rendered":"\n<p>Am 6. Mai 2025 ist das letzte St\u00fcck der alten Bibliothek abgerissen worden. \u00dcbrig bleibt zurzeit noch ein kleiner Geb\u00e4udeteil unterhalb der Mensabr\u00fccke, den das Abbruchunternehmen in K\u00fcrze ebenfalls demontieren wird.<\/p>\n\n\n\n<p>Zeitgleich wird zurzeit ein fester Holzbauzaun aufgestellt (auf dem Foto schon teilweise zu erkennen), der die Wegef\u00fchrung rund um die Baustelle ver\u00e4ndern wird. <\/p>\n\n\n\n<figure class=\"wp-block-image size-large\"><img loading=\"lazy\" decoding=\"async\" width=\"1024\" height=\"768\" src=\"https:\/\/baublog.ub.tu-dortmund.de\/wp-content\/uploads\/2025\/05\/2025-05-06-1024x768.jpg\" alt=\"\" class=\"wp-image-888\" srcset=\"https:\/\/baublog.ub.tu-dortmund.de\/wp-content\/uploads\/2025\/05\/2025-05-06-1024x768.jpg 1024w, https:\/\/baublog.ub.tu-dortmund.de\/wp-content\/uploads\/2025\/05\/2025-05-06-300x225.jpg 300w, https:\/\/baublog.ub.tu-dortmund.de\/wp-content\/uploads\/2025\/05\/2025-05-06-768x576.jpg 768w, https:\/\/baublog.ub.tu-dortmund.de\/wp-content\/uploads\/2025\/05\/2025-05-06.jpg 1280w\" sizes=\"auto, (max-width: 1024px) 100vw, 1024px\" \/><\/figure>\n\n\n\n<p><img loading=\"lazy\" decoding=\"async\" width=\"18\" height=\"14\" class=\"wp-image-464\" src=\"https:\/\/baublog.ub.tu-dortmund.de\/wp-content\/uploads\/2023\/04\/flag-english.gif\" alt=\"\"> The last part of the old library was demolished on May 6, 2025. What currently remains is a small section of the building below the Mensa bridge, which the demolition company will also dismantle shortly.<\/p>\n\n\n\n<p>At the same time, a solid wooden construction fence is currently being erected (already partially visible in the photo), which will change the route around the construction site.<\/p>\n","protected":false},"excerpt":{"rendered":"<p>Am 6. Mai 2025 ist das letzte St\u00fcck der alten Bibliothek abgerissen worden. \u00dcbrig bleibt zurzeit noch ein kleiner Geb\u00e4udeteil unterhalb der Mensabr\u00fccke, den das Abbruchunternehmen in K\u00fcrze ebenfalls demontieren wird. Zeitgleich wird zurzeit ein fester Holzbauzaun aufgestellt (auf dem Foto schon teilweise zu erkennen), der die Wegef\u00fchrung rund um die Baustelle ver\u00e4ndern wird. The [&hellip;]<\/p>\n","protected":false},"author":2,"featured_media":0,"comment_status":"open","ping_status":"open","sticky":false,"template":"","format":"standard","meta":{"footnotes":""},"categories":[1],"tags":[],"class_list":["post-886","post","type-post","status-publish","format-standard","hentry","category-allgemein"],"_links":{"self":[{"href":"https:\/\/baublog.ub.tu-dortmund.de\/index.php\/wp-json\/wp\/v2\/posts\/886","targetHints":{"allow":["GET"]}}],"collection":[{"href":"https:\/\/baublog.ub.tu-dortmund.de\/index.php\/wp-json\/wp\/v2\/posts"}],"about":[{"href":"https:\/\/baublog.ub.tu-dortmund.de\/index.php\/wp-json\/wp\/v2\/types\/post"}],"author":[{"embeddable":true,"href":"https:\/\/baublog.ub.tu-dortmund.de\/index.php\/wp-json\/wp\/v2\/users\/2"}],"replies":[{"embeddable":true,"href":"https:\/\/baublog.ub.tu-dortmund.de\/index.php\/wp-json\/wp\/v2\/comments?post=886"}],"version-history":[{"count":1,"href":"https:\/\/baublog.ub.tu-dortmund.de\/index.php\/wp-json\/wp\/v2\/posts\/886\/revisions"}],"predecessor-version":[{"id":890,"href":"https:\/\/baublog.ub.tu-dortmund.de\/index.php\/wp-json\/wp\/v2\/posts\/886\/revisions\/890"}],"wp:attachment":[{"href":"https:\/\/baublog.ub.tu-dortmund.de\/index.php\/wp-json\/wp\/v2\/media?parent=886"}],"wp:term":[{"taxonomy":"category","embeddable":true,"href":"https:\/\/baublog.ub.tu-dortmund.de\/index.php\/wp-json\/wp\/v2\/categories?post=886"},{"taxonomy":"post_tag","embeddable":true,"href":"https:\/\/baublog.ub.tu-dortmund.de\/index.php\/wp-json\/wp\/v2\/tags?post=886"}],"curies":[{"name":"wp","href":"https:\/\/api.w.org\/{rel}","templated":true}]}}