{"id":883,"date":"2025-02-17T14:07:22","date_gmt":"2025-02-17T13:07:22","guid":{"rendered":"https:\/\/baublog.ub.tu-dortmund.de\/?p=883"},"modified":"2025-02-17T14:07:22","modified_gmt":"2025-02-17T13:07:22","slug":"lokalzeit-dortmund-berichtet-zum-abriss-der-unibibliothek","status":"publish","type":"post","link":"https:\/\/baublog.ub.tu-dortmund.de\/index.php\/lokalzeit-dortmund-berichtet-zum-abriss-der-unibibliothek\/","title":{"rendered":"Lokalzeit Dortmund berichtet zum Abriss der Unibibliothek"},"content":{"rendered":"\n<p>Am 14. Februar 2025 berichtete die Lokalzeit Dortmund \u00fcber den Abriss und Neubau der Universit\u00e4tsbibliothek.  Bibliotheksleiter Joachim Kreische beantwortet Fragen von Moderatorin Sandra Quellmann, z. B. &#8222;Was machen Sie jetzt eigentlich mit den ganzen B\u00fcchern?&#8220; und erz\u00e4hlt, was das Besondere am neuen Geb\u00e4ude ist. <\/p>\n\n\n\n<p>Link zum Video, WDR-Lokalzeit: <a href=\"https:\/\/www1.wdr.de\/lokalzeit\/fernsehen\/dortmund\/uni-bibliothek-wird-nach-50-jahren-abgerissen-100.html\">Uni-Bibliothek wird nach 50 Jahren abgerissen<\/a><\/p>\n\n\n\n<p>On February 14, 2025, the local TV station Lokalzeit Dortmund reported on the demolition and reconstruction of Dortmund University Library. Joachim Kreische, library director, answers questions from moderator Sandra Quellmann, such as \u201cWhat are you actually going to do with all the books?\u201d and explains what is special about the new building.<\/p>\n","protected":false},"excerpt":{"rendered":"<p>Am 14. Februar 2025 berichtete die Lokalzeit Dortmund \u00fcber den Abriss und Neubau der Universit\u00e4tsbibliothek. Bibliotheksleiter Joachim Kreische beantwortet Fragen von Moderatorin Sandra Quellmann, z. B. &#8222;Was machen Sie jetzt eigentlich mit den ganzen B\u00fcchern?&#8220; und erz\u00e4hlt, was das Besondere am neuen Geb\u00e4ude ist. Link zum Video, WDR-Lokalzeit: Uni-Bibliothek wird nach 50 Jahren abgerissen On [&hellip;]<\/p>\n","protected":false},"author":2,"featured_media":0,"comment_status":"open","ping_status":"open","sticky":false,"template":"","format":"standard","meta":{"footnotes":""},"categories":[19,11],"tags":[],"class_list":["post-883","post","type-post","status-publish","format-standard","hentry","category-baustelle","category-neubau"],"_links":{"self":[{"href":"https:\/\/baublog.ub.tu-dortmund.de\/index.php\/wp-json\/wp\/v2\/posts\/883","targetHints":{"allow":["GET"]}}],"collection":[{"href":"https:\/\/baublog.ub.tu-dortmund.de\/index.php\/wp-json\/wp\/v2\/posts"}],"about":[{"href":"https:\/\/baublog.ub.tu-dortmund.de\/index.php\/wp-json\/wp\/v2\/types\/post"}],"author":[{"embeddable":true,"href":"https:\/\/baublog.ub.tu-dortmund.de\/index.php\/wp-json\/wp\/v2\/users\/2"}],"replies":[{"embeddable":true,"href":"https:\/\/baublog.ub.tu-dortmund.de\/index.php\/wp-json\/wp\/v2\/comments?post=883"}],"version-history":[{"count":1,"href":"https:\/\/baublog.ub.tu-dortmund.de\/index.php\/wp-json\/wp\/v2\/posts\/883\/revisions"}],"predecessor-version":[{"id":884,"href":"https:\/\/baublog.ub.tu-dortmund.de\/index.php\/wp-json\/wp\/v2\/posts\/883\/revisions\/884"}],"wp:attachment":[{"href":"https:\/\/baublog.ub.tu-dortmund.de\/index.php\/wp-json\/wp\/v2\/media?parent=883"}],"wp:term":[{"taxonomy":"category","embeddable":true,"href":"https:\/\/baublog.ub.tu-dortmund.de\/index.php\/wp-json\/wp\/v2\/categories?post=883"},{"taxonomy":"post_tag","embeddable":true,"href":"https:\/\/baublog.ub.tu-dortmund.de\/index.php\/wp-json\/wp\/v2\/tags?post=883"}],"curies":[{"name":"wp","href":"https:\/\/api.w.org\/{rel}","templated":true}]}}