{"id":861,"date":"2024-11-27T08:56:32","date_gmt":"2024-11-27T07:56:32","guid":{"rendered":"https:\/\/baublog.ub.tu-dortmund.de\/?p=861"},"modified":"2024-11-27T08:58:05","modified_gmt":"2024-11-27T07:58:05","slug":"emil-figge-bibliothek-ab-2025-auch-sonntags-geoeffnet","status":"publish","type":"post","link":"https:\/\/baublog.ub.tu-dortmund.de\/index.php\/emil-figge-bibliothek-ab-2025-auch-sonntags-geoeffnet\/","title":{"rendered":"Emil-Figge-Bibliothek ab 2025 auch sonntags ge\u00f6ffnet"},"content":{"rendered":"\n<p>Ab Sonntag, den 5.1.2025 k\u00f6nnen Sie in der <a href=\"https:\/\/ub.tu-dortmund.de\/lernen-lehren\/standorte\/emil-figge-bibliothek\/\">Emil-Figge-Bibliothek<\/a> (EFB) jeden Sonntag bis 22 Uhr lernen. Mit finanzieller Unterst\u00fctzung durch Qualit\u00e4tsverbesserungsmittel der TU Dortmund \u00f6ffnet die EFB ab 2025 auch sonntags (au\u00dfer an Feiertagen).<\/p>\n\n\n\n<p>An Sonntagen \u00f6ffnen weiterhin wie bisher die <a href=\"https:\/\/ub.tu-dortmund.de\/lernen-lehren\/standorte\/sebrath-bibliothek\/\">Sebrath-Bibliothek<\/a>, der Lernort in der Dortmunder City und der Co-Learning-Space auf dem Campus Nord \u2013 dieser sogar bis ein Uhr nachts. <\/p>\n\n\n\n<p><strong>Neue \u00d6ffnungszeiten der EFB ab 2025<\/strong><\/p>\n\n\n\n<ul class=\"wp-block-list\">\n<li><strong>Montag bis Freitag<\/strong>: 8.00 &#8211; 22.00 Uhr<\/li>\n\n\n\n<li><strong>Samstag<\/strong>: 9.00 &#8211; 22.00 Uhr<\/li>\n\n\n\n<li><strong>Sonntag<\/strong>: 10.00 &#8211; 22.00 Uhr<\/li>\n<\/ul>\n\n\n\n<p>Servicezeiten der EFB mit Bibliothekspersonal: Mo &#8211; Fr 8.00 &#8211; 18.00 Uhr, Sa 11.00 &#8211; 16.00 Uhr.<\/p>\n\n\n\n<p><img loading=\"lazy\" decoding=\"async\" width=\"18\" height=\"14\" class=\"wp-image-464\" src=\"https:\/\/baublog.ub.tu-dortmund.de\/wp-content\/uploads\/2023\/04\/flag-english.gif\" alt=\"\"> From Sunday, January 5, 2025, you can study in the <a href=\"https:\/\/ub.tu-dortmund.de\/en\/learning-teaching\/departmental-libraries\/emil-figge-bibliothek\/\">Emil-Figge-Bibliothek<\/a> (EFB) every Sunday until 10 p.m. With financial support from TU Dortmund University quality improvement funds, the EFB will open on Sundays from 2025 (except on Public Holidays).<\/p>\n\n\n\n<p>On Sundays, the <a href=\"https:\/\/ub.tu-dortmund.de\/en\/learning-teaching\/departmental-libraries\/sebrath-bibliothek\/\">Sebrath-Bibliothek<\/a>, the learning space in Dortmund city center and the Co-Learning Space on the North Campus will continue to open as before &#8211; the latter even until one o&#8217;clock in the morning.<\/p>\n\n\n\n<p><strong>New EFB opening hours from 2025<\/strong><\/p>\n\n\n\n<ul class=\"wp-block-list\">\n<li>Monday to Friday: 8.00 a.m. &#8211; 10.00 p.m.<\/li>\n\n\n\n<li>Saturday: 9.00 a.m. &#8211; 10.00 p.m.<\/li>\n\n\n\n<li>Sunday: 10.00 a.m. &#8211; 10.00 p.m.<\/li>\n<\/ul>\n\n\n\n<p>EFB service hours with library staff: Mon &#8211; Fri 8.00 a.m. &#8211; 6.00 p.m., Sat 11.00 a.m. &#8211; 4.00 p.m.<\/p>\n\n\n\n<p><\/p>\n","protected":false},"excerpt":{"rendered":"<p>Ab Sonntag, den 5.1.2025 k\u00f6nnen Sie in der Emil-Figge-Bibliothek (EFB) jeden Sonntag bis 22 Uhr lernen. Mit finanzieller Unterst\u00fctzung durch Qualit\u00e4tsverbesserungsmittel der TU Dortmund \u00f6ffnet die EFB ab 2025 auch sonntags (au\u00dfer an Feiertagen). An Sonntagen \u00f6ffnen weiterhin wie bisher die Sebrath-Bibliothek, der Lernort in der Dortmunder City und der Co-Learning-Space auf dem Campus Nord [&hellip;]<\/p>\n","protected":false},"author":2,"featured_media":0,"comment_status":"open","ping_status":"open","sticky":false,"template":"","format":"standard","meta":{"footnotes":""},"categories":[18,9,17],"tags":[],"class_list":["post-861","post","type-post","status-publish","format-standard","hentry","category-bibliotheksstandorte","category-emil-figge-bibliothek","category-lernorte"],"_links":{"self":[{"href":"https:\/\/baublog.ub.tu-dortmund.de\/index.php\/wp-json\/wp\/v2\/posts\/861","targetHints":{"allow":["GET"]}}],"collection":[{"href":"https:\/\/baublog.ub.tu-dortmund.de\/index.php\/wp-json\/wp\/v2\/posts"}],"about":[{"href":"https:\/\/baublog.ub.tu-dortmund.de\/index.php\/wp-json\/wp\/v2\/types\/post"}],"author":[{"embeddable":true,"href":"https:\/\/baublog.ub.tu-dortmund.de\/index.php\/wp-json\/wp\/v2\/users\/2"}],"replies":[{"embeddable":true,"href":"https:\/\/baublog.ub.tu-dortmund.de\/index.php\/wp-json\/wp\/v2\/comments?post=861"}],"version-history":[{"count":4,"href":"https:\/\/baublog.ub.tu-dortmund.de\/index.php\/wp-json\/wp\/v2\/posts\/861\/revisions"}],"predecessor-version":[{"id":865,"href":"https:\/\/baublog.ub.tu-dortmund.de\/index.php\/wp-json\/wp\/v2\/posts\/861\/revisions\/865"}],"wp:attachment":[{"href":"https:\/\/baublog.ub.tu-dortmund.de\/index.php\/wp-json\/wp\/v2\/media?parent=861"}],"wp:term":[{"taxonomy":"category","embeddable":true,"href":"https:\/\/baublog.ub.tu-dortmund.de\/index.php\/wp-json\/wp\/v2\/categories?post=861"},{"taxonomy":"post_tag","embeddable":true,"href":"https:\/\/baublog.ub.tu-dortmund.de\/index.php\/wp-json\/wp\/v2\/tags?post=861"}],"curies":[{"name":"wp","href":"https:\/\/api.w.org\/{rel}","templated":true}]}}