{"id":824,"date":"2024-07-16T13:19:32","date_gmt":"2024-07-16T11:19:32","guid":{"rendered":"https:\/\/baublog.ub.tu-dortmund.de\/?p=824"},"modified":"2024-07-16T13:25:42","modified_gmt":"2024-07-16T11:25:42","slug":"neue-standortnummern-in-der-emil-figge-bibliothek","status":"publish","type":"post","link":"https:\/\/baublog.ub.tu-dortmund.de\/index.php\/neue-standortnummern-in-der-emil-figge-bibliothek\/","title":{"rendered":"Neue Standortnummern in der Emil-Figge-Bibliothek"},"content":{"rendered":"\n<p>Seit dem 15. Juli bekommen die B\u00fccher in der Emil-Figge-Bibliothek nach und nach neue Nummern und neue Signaturschilder. Die gesamte Aktion wird ca. vier Monate dauern \u2013 danach gibt es nur noch ein einziges Aufstellungssystem.<\/p>\n\n\n\n<p>Seit im August 2023 ein Teil der B\u00fccher aus der alten Zentralbibliothek mit eingezogen war, existierten zwei verschiedene Systeme. Die Umstellung dient als Vorbereitung f\u00fcr die Aufstellung im Neubau, wo die B\u00fccher in Zukunft nach Fachgruppen und innerhalb dieser Gruppen nach fortlaufenden Nummern aufgestellt werden.<\/p>\n\n\n\n<p>W\u00e4hrend der Arbeiten kann es etwas lauter sein als sonst, insbesondere im Bereich der Servicetheke und in der N\u00e4he des Regals f\u00fcr reservierte B\u00fccher.<\/p>\n\n\n\n<figure class=\"wp-block-image size-large\"><img loading=\"lazy\" decoding=\"async\" width=\"1024\" height=\"450\" src=\"https:\/\/baublog.ub.tu-dortmund.de\/wp-content\/uploads\/2024\/07\/AdobeStock_107222974-1024x450.jpeg\" alt=\"\" class=\"wp-image-826\" srcset=\"https:\/\/baublog.ub.tu-dortmund.de\/wp-content\/uploads\/2024\/07\/AdobeStock_107222974-1024x450.jpeg 1024w, https:\/\/baublog.ub.tu-dortmund.de\/wp-content\/uploads\/2024\/07\/AdobeStock_107222974-300x132.jpeg 300w, https:\/\/baublog.ub.tu-dortmund.de\/wp-content\/uploads\/2024\/07\/AdobeStock_107222974-768x338.jpeg 768w, https:\/\/baublog.ub.tu-dortmund.de\/wp-content\/uploads\/2024\/07\/AdobeStock_107222974-1536x675.jpeg 1536w, https:\/\/baublog.ub.tu-dortmund.de\/wp-content\/uploads\/2024\/07\/AdobeStock_107222974-2048x900.jpeg 2048w\" sizes=\"auto, (max-width: 1024px) 100vw, 1024px\" \/><figcaption class=\"wp-element-caption\">Bildnachweis: connel_design\/stock.adobe.com<\/figcaption><\/figure>\n\n\n\n<p><img loading=\"lazy\" decoding=\"async\" width=\"18\" height=\"14\" class=\"wp-image-464\" src=\"https:\/\/baublog.ub.tu-dortmund.de\/wp-content\/uploads\/2023\/04\/flag-english.gif\" alt=\"\"> New Shelf Marks in the Emil-Figge-Bibliothek<\/p>\n\n\n\n<p>Since July 15, the books in the Emil-Figge-Bibliothek have gradually been given new numbers and new shelf mark labels. The entire process will take around four months &#8211; after which there will only be one single shelving system.<\/p>\n\n\n\n<p>There have been two different systems since some of the books were moved in from the old Central Library in August 2023. The changeover serves as preparation for shelving the books in the new library building. In future, the books will be shelved according to specialist groups and, within these groups, according to consecutive numbers.<\/p>\n\n\n\n<p>During the work, it may be a little noisier than usual, especially in the area of the service desk and near the shelf for reserved books.<\/p>\n","protected":false},"excerpt":{"rendered":"<p>Seit dem 15. Juli bekommen die B\u00fccher in der Emil-Figge-Bibliothek nach und nach neue Nummern und neue Signaturschilder. Die gesamte Aktion wird ca. vier Monate dauern \u2013 danach gibt es nur noch ein einziges Aufstellungssystem. Seit im August 2023 ein Teil der B\u00fccher aus der alten Zentralbibliothek mit eingezogen war, existierten zwei verschiedene Systeme. Die [&hellip;]<\/p>\n","protected":false},"author":2,"featured_media":0,"comment_status":"open","ping_status":"open","sticky":false,"template":"","format":"standard","meta":{"footnotes":""},"categories":[9],"tags":[],"class_list":["post-824","post","type-post","status-publish","format-standard","hentry","category-emil-figge-bibliothek"],"_links":{"self":[{"href":"https:\/\/baublog.ub.tu-dortmund.de\/index.php\/wp-json\/wp\/v2\/posts\/824","targetHints":{"allow":["GET"]}}],"collection":[{"href":"https:\/\/baublog.ub.tu-dortmund.de\/index.php\/wp-json\/wp\/v2\/posts"}],"about":[{"href":"https:\/\/baublog.ub.tu-dortmund.de\/index.php\/wp-json\/wp\/v2\/types\/post"}],"author":[{"embeddable":true,"href":"https:\/\/baublog.ub.tu-dortmund.de\/index.php\/wp-json\/wp\/v2\/users\/2"}],"replies":[{"embeddable":true,"href":"https:\/\/baublog.ub.tu-dortmund.de\/index.php\/wp-json\/wp\/v2\/comments?post=824"}],"version-history":[{"count":6,"href":"https:\/\/baublog.ub.tu-dortmund.de\/index.php\/wp-json\/wp\/v2\/posts\/824\/revisions"}],"predecessor-version":[{"id":832,"href":"https:\/\/baublog.ub.tu-dortmund.de\/index.php\/wp-json\/wp\/v2\/posts\/824\/revisions\/832"}],"wp:attachment":[{"href":"https:\/\/baublog.ub.tu-dortmund.de\/index.php\/wp-json\/wp\/v2\/media?parent=824"}],"wp:term":[{"taxonomy":"category","embeddable":true,"href":"https:\/\/baublog.ub.tu-dortmund.de\/index.php\/wp-json\/wp\/v2\/categories?post=824"},{"taxonomy":"post_tag","embeddable":true,"href":"https:\/\/baublog.ub.tu-dortmund.de\/index.php\/wp-json\/wp\/v2\/tags?post=824"}],"curies":[{"name":"wp","href":"https:\/\/api.w.org\/{rel}","templated":true}]}}