{"id":738,"date":"2023-11-03T14:53:47","date_gmt":"2023-11-03T13:53:47","guid":{"rendered":"https:\/\/baublog.ub.tu-dortmund.de\/?p=738"},"modified":"2023-11-03T14:55:33","modified_gmt":"2023-11-03T13:55:33","slug":"lernraum-fuer-eltern-mit-kind","status":"publish","type":"post","link":"https:\/\/baublog.ub.tu-dortmund.de\/index.php\/lernraum-fuer-eltern-mit-kind\/","title":{"rendered":"Lernraum f\u00fcr Eltern mit Kind"},"content":{"rendered":"\n<p>TU-Studierende mit Kind(ern) k\u00f6nnen ab sofort einen Raum im Erdgeschoss der Sebrath-Bibliothek nutzen. Wenden Sie sich bei Interesse an das Bibliothekspersonal vor Ort oder an den Wachdienst. Eine Reservierung ist nicht n\u00f6tig! Wenn Sie vorab wissen m\u00f6chten, ob der Raum frei ist, k\u00f6nnen Sie uns aber gern vorab anrufen oder eine E-Mail schreiben.<\/p>\n\n\n\n<p><strong>Kontakt Servicezentrum<\/strong><\/p>\n\n\n\n<ul class=\"wp-block-list\">\n<li>Tel.: 0231 755-4001<\/li>\n\n\n\n<li>E-Mail: <a href=\"mailto:service.ub@tu-dortmund.de\">service.ub@tu-dortmund.de<\/a><\/li>\n\n\n\n<li><a href=\"https:\/\/ub.tu-dortmund.de\/lernen-lehren\/standorte\/sebrath-bibliothek\/\">Unsere \u00d6ffnungszeiten<\/a><\/li>\n<\/ul>\n\n\n\n<p><img loading=\"lazy\" decoding=\"async\" width=\"18\" height=\"14\" class=\"wp-image-464\" style=\"width: 18px;\" src=\"https:\/\/baublog.ub.tu-dortmund.de\/wp-content\/uploads\/2023\/04\/flag-english.gif\" alt=\"\"> TU students with child(ren) can now use a room on the ground floor of the Sebrath Library. If you are interested, please contact the Library staff on site or the security service. Reservations are not necessary. However, if you would like to know in advance whether the room is free, you are welcome to call us in advance or send us an e-mail.<\/p>\n\n\n\n<p><strong>Contact Service Center<\/strong><\/p>\n\n\n\n<ul class=\"wp-block-list\">\n<li>Phone: 0231 755-4001<\/li>\n\n\n\n<li>E-mail: <a href=\"mailto:service.ub@tu-dortmund.de\">service.ub@tu-dortmund.de<\/a><\/li>\n\n\n\n<li><a href=\"https:\/\/ub.tu-dortmund.de\/en\/learning-teaching\/departmental-libraries\/sebrath-bibliothek\">Our opening hours<\/a><\/li>\n<\/ul>\n","protected":false},"excerpt":{"rendered":"<p>TU-Studierende mit Kind(ern) k\u00f6nnen ab sofort einen Raum im Erdgeschoss der Sebrath-Bibliothek nutzen. Wenden Sie sich bei Interesse an das Bibliothekspersonal vor Ort oder an den Wachdienst. Eine Reservierung ist nicht n\u00f6tig! Wenn Sie vorab wissen m\u00f6chten, ob der Raum frei ist, k\u00f6nnen Sie uns aber gern vorab anrufen oder eine E-Mail schreiben. Kontakt Servicezentrum [&hellip;]<\/p>\n","protected":false},"author":2,"featured_media":0,"comment_status":"open","ping_status":"open","sticky":false,"template":"","format":"standard","meta":{"footnotes":""},"categories":[12],"tags":[],"class_list":["post-738","post","type-post","status-publish","format-standard","hentry","category-sebrath-bibliothek"],"_links":{"self":[{"href":"https:\/\/baublog.ub.tu-dortmund.de\/index.php\/wp-json\/wp\/v2\/posts\/738","targetHints":{"allow":["GET"]}}],"collection":[{"href":"https:\/\/baublog.ub.tu-dortmund.de\/index.php\/wp-json\/wp\/v2\/posts"}],"about":[{"href":"https:\/\/baublog.ub.tu-dortmund.de\/index.php\/wp-json\/wp\/v2\/types\/post"}],"author":[{"embeddable":true,"href":"https:\/\/baublog.ub.tu-dortmund.de\/index.php\/wp-json\/wp\/v2\/users\/2"}],"replies":[{"embeddable":true,"href":"https:\/\/baublog.ub.tu-dortmund.de\/index.php\/wp-json\/wp\/v2\/comments?post=738"}],"version-history":[{"count":2,"href":"https:\/\/baublog.ub.tu-dortmund.de\/index.php\/wp-json\/wp\/v2\/posts\/738\/revisions"}],"predecessor-version":[{"id":740,"href":"https:\/\/baublog.ub.tu-dortmund.de\/index.php\/wp-json\/wp\/v2\/posts\/738\/revisions\/740"}],"wp:attachment":[{"href":"https:\/\/baublog.ub.tu-dortmund.de\/index.php\/wp-json\/wp\/v2\/media?parent=738"}],"wp:term":[{"taxonomy":"category","embeddable":true,"href":"https:\/\/baublog.ub.tu-dortmund.de\/index.php\/wp-json\/wp\/v2\/categories?post=738"},{"taxonomy":"post_tag","embeddable":true,"href":"https:\/\/baublog.ub.tu-dortmund.de\/index.php\/wp-json\/wp\/v2\/tags?post=738"}],"curies":[{"name":"wp","href":"https:\/\/api.w.org\/{rel}","templated":true}]}}