{"id":690,"date":"2023-08-28T11:45:15","date_gmt":"2023-08-28T09:45:15","guid":{"rendered":"https:\/\/baublog.ub.tu-dortmund.de\/?p=690"},"modified":"2023-11-03T15:00:07","modified_gmt":"2023-11-03T14:00:07","slug":"buecher-aus-der-zentralbibliothek-ziehen-um","status":"publish","type":"post","link":"https:\/\/baublog.ub.tu-dortmund.de\/index.php\/buecher-aus-der-zentralbibliothek-ziehen-um\/","title":{"rendered":"B\u00fccher aus der Zentralbibliothek ziehen um"},"content":{"rendered":"\n<p><strong>Der Umzug geht weiter! <\/strong><\/p>\n\n\n\n<p>Etwa 650.000 B\u00fccher und Zeitschriftenb\u00e4nde, die zurzeit noch in der Zentralbibliothek stehen, ziehen ab Ende August in ein Speichermagazin um. Dieser letzte Umzug aus dem alten Bibliotheksgeb\u00e4ude wird ungef\u00e4hr zwei Monate in Anspruch nehmen, die Medien stehen bis Ende Oktober nicht zur Verf\u00fcgung. Damit Sie trotzdem an Ihre Literatur kommen, wird Ihnen in dieser Zeit eine kostenlose Fernleihbestellung im <a href=\"https:\/\/katalog.ub.tu-dortmund.de\/\">Katalog plus<\/a> angeboten. Sobald Ihre Bestellung eingetroffen ist, steht sie in der <a href=\"https:\/\/ub.tu-dortmund.de\/lernen-lehren\/standorte\/emil-figge-bibliothek\/\">Emil-Figge-Bibliothek<\/a> f\u00fcr Sie bereit und kann w\u00e4hrend der gesamten \u00d6ffnungszeiten abgeholt und entliehen werden. <\/p>\n\n\n\n<p>Der Umzug in das Speichermagazin ist Anfang November beendet. Danach sind alle Medien aus dem Speichermagazin zum n\u00e4chsten Werktag bestellbar und k\u00f6nnen in der Emil-Figge-Bibliothek abgeholt werden.<\/p>\n\n\n\n<p>Der gr\u00f6\u00dfte Teil der aktuellen Literatur an B\u00fcchern und Zeitschriften steht TU-Angeh\u00f6rigen elektronisch zur Verf\u00fcgung und kann damit zeit- und ortsunabh\u00e4ngig genutzt werden. <\/p>\n\n\n\n<p><strong>Fragen?<\/strong><\/p>\n\n\n\n<ul class=\"wp-block-list\">\n<li><a href=\"https:\/\/ub.tu-dortmund.de\/die-ub\/feedback\/\">Schreiben Sie uns<\/a> oder nutzen Sie die Kommentarfunktion hier im Blog. <\/li>\n<\/ul>\n\n\n\n<p><\/p>\n\n\n\n<p><img loading=\"lazy\" decoding=\"async\" width=\"18\" height=\"14\" class=\"wp-image-464\" style=\"width: 18px;\" src=\"https:\/\/baublog.ub.tu-dortmund.de\/wp-content\/uploads\/2023\/04\/flag-english.gif\" alt=\"\"> <strong>Books from the Central Library are moving<\/strong>: <strong>The move continues!<\/strong><\/p>\n\n\n\n<p>About 650,000 books and periodical volumes currently still in the Central Library will move to a storage magazine starting at the end of August. This last move from the old library building will take about two months, and the media will not be available until the end of October. To ensure that you can still get your literature, you will be offered a free interlibrary loan order in the catalog plus during this time. As soon as your order has arrived, it will be ready for you in the Emil-Figge-Bibliothek and can be picked up and borrowed during the entire opening hours.<\/p>\n\n\n\n<p>The move to the storage magazine will be completed at the beginning of November. After that, all media from the storage magazine can be ordered and picked up on the next working day in the Emil-Figge-Bibliothek.<\/p>\n\n\n\n<p>Most of the current literature in books and journals is available to TU members electronically and can thus be used regardless of time and place.<\/p>\n\n\n\n<p><strong>Questions?<\/strong><\/p>\n\n\n\n<ul class=\"wp-block-list\">\n<li><a href=\"https:\/\/ub.tu-dortmund.de\/die-ub\/feedback\/\">Write to us<\/a> or use the comment function here on the blog.<\/li>\n<\/ul>\n","protected":false},"excerpt":{"rendered":"<p>Der Umzug geht weiter! Etwa 650.000 B\u00fccher und Zeitschriftenb\u00e4nde, die zurzeit noch in der Zentralbibliothek stehen, ziehen ab Ende August in ein Speichermagazin um. Dieser letzte Umzug aus dem alten Bibliotheksgeb\u00e4ude wird ungef\u00e4hr zwei Monate in Anspruch nehmen, die Medien stehen bis Ende Oktober nicht zur Verf\u00fcgung. Damit Sie trotzdem an Ihre Literatur kommen, wird [&hellip;]<\/p>\n","protected":false},"author":2,"featured_media":0,"comment_status":"open","ping_status":"open","sticky":false,"template":"","format":"standard","meta":{"footnotes":""},"categories":[20],"tags":[],"class_list":["post-690","post","type-post","status-publish","format-standard","hentry","category-umzug"],"_links":{"self":[{"href":"https:\/\/baublog.ub.tu-dortmund.de\/index.php\/wp-json\/wp\/v2\/posts\/690","targetHints":{"allow":["GET"]}}],"collection":[{"href":"https:\/\/baublog.ub.tu-dortmund.de\/index.php\/wp-json\/wp\/v2\/posts"}],"about":[{"href":"https:\/\/baublog.ub.tu-dortmund.de\/index.php\/wp-json\/wp\/v2\/types\/post"}],"author":[{"embeddable":true,"href":"https:\/\/baublog.ub.tu-dortmund.de\/index.php\/wp-json\/wp\/v2\/users\/2"}],"replies":[{"embeddable":true,"href":"https:\/\/baublog.ub.tu-dortmund.de\/index.php\/wp-json\/wp\/v2\/comments?post=690"}],"version-history":[{"count":4,"href":"https:\/\/baublog.ub.tu-dortmund.de\/index.php\/wp-json\/wp\/v2\/posts\/690\/revisions"}],"predecessor-version":[{"id":695,"href":"https:\/\/baublog.ub.tu-dortmund.de\/index.php\/wp-json\/wp\/v2\/posts\/690\/revisions\/695"}],"wp:attachment":[{"href":"https:\/\/baublog.ub.tu-dortmund.de\/index.php\/wp-json\/wp\/v2\/media?parent=690"}],"wp:term":[{"taxonomy":"category","embeddable":true,"href":"https:\/\/baublog.ub.tu-dortmund.de\/index.php\/wp-json\/wp\/v2\/categories?post=690"},{"taxonomy":"post_tag","embeddable":true,"href":"https:\/\/baublog.ub.tu-dortmund.de\/index.php\/wp-json\/wp\/v2\/tags?post=690"}],"curies":[{"name":"wp","href":"https:\/\/api.w.org\/{rel}","templated":true}]}}