{"id":494,"date":"2023-06-06T13:58:14","date_gmt":"2023-06-06T11:58:14","guid":{"rendered":"https:\/\/baublog.ub.tu-dortmund.de\/?p=494"},"modified":"2023-07-27T10:03:47","modified_gmt":"2023-07-27T08:03:47","slug":"buecher-im-2-und-3-obergeschoss-umgestellt","status":"publish","type":"post","link":"https:\/\/baublog.ub.tu-dortmund.de\/index.php\/buecher-im-2-und-3-obergeschoss-umgestellt\/","title":{"rendered":"B\u00fccher im 2. und 3. Obergeschoss umgestellt"},"content":{"rendered":"\n<p>So langsam wird es ernst! Ab 7. August zieht die Bibliothek um.<\/p>\n\n\n\n<p>Eine von vielen Umzugsvorbereitungen ist abgeschlossen: Ein Teil der B\u00fccher, die aus der Zentralbibliothek ausziehen werden, ist schon jetzt im 2. und 3. Obergeschoss zusammen aufgestellt worden. Daher finden Sie viele B\u00fccher ab sofort an anderen Stellen als gewohnt. Den genauen Standort k\u00f6nnen Sie immer \u00fcber <a href=\"https:\/\/katalog.ub.tu-dortmund.de\/\">Katalog plus<\/a> ermitteln.<\/p>\n\n\n\n<p>Von diesen B\u00fcchern zieht im August ein Teil in die Emil-Figge-Bibliothek (Geistes- und Sozialwissenschaften), der andere Teil in die neue Sebrath-Bibliothek am Rand des Technologieparks (Natur- und Wirtschaftswissenschaften, Technik).<\/p>\n\n\n\n<p>Pro Fach ziehen jeweils die neuesten B\u00e4nde um. Der \u00fcbrige, weitaus gr\u00f6\u00dfere Bestand aus allen F\u00e4chern der Zentralbibliothek \u2013 ca. 650.000 Titel \u2013 kommt sp\u00e4ter in ein Speichermagazin; weitere Informationen dazu folgen. Diese B\u00e4nde k\u00f6nnen Sie ab Schlie\u00dfung des alten Geb\u00e4udes \u00fcber Katalog plus in die Emil-Figge-Bibliothek bestellen.<\/p>\n\n\n\n<p>Noch bis Anfang August k\u00f6nnen Sie alle B\u00fccher aus der Zentralbibliothek wie gewohnt ausleihen und sp\u00e4ter in der Emil-Figge-Bibliothek zur\u00fcckgeben. <\/p>\n\n\n\n<p><strong>Kontakt<\/strong><\/p>\n\n\n\n<ul class=\"wp-block-list\">\n<li>E-Mail: <a href=\"mailto:service.ub@tu-dortmund.de\">service.ub@tu-dortmund.de<\/a><\/li>\n\n\n\n<li><a href=\"https:\/\/mibew.ub.tu-dortmund.de\/mibew\/index.php\/chat?locale=de\">Chat<\/a><\/li>\n\n\n\n<li>Telefon Servicezentrum: +49 (0)231 755 4000 oder 4001<\/li>\n<\/ul>\n\n\n\n<figure class=\"wp-block-gallery has-nested-images columns-default is-cropped wp-block-gallery-1 is-layout-flex wp-block-gallery-is-layout-flex\">\n<figure class=\"wp-block-image size-large\"><img loading=\"lazy\" decoding=\"async\" width=\"2816\" height=\"2112\" data-id=\"498\" src=\"https:\/\/baublog.ub.tu-dortmund.de\/wp-content\/uploads\/2023\/06\/IMG_4785.jpg\" alt=\"\" class=\"wp-image-498\"\/><\/figure>\n<\/figure>\n\n\n\n<p><img loading=\"lazy\" decoding=\"async\" width=\"18\" height=\"14\" class=\"wp-image-464\" src=\"https:\/\/baublog.ub.tu-dortmund.de\/wp-content\/uploads\/2023\/04\/flag-english.gif\" alt=\"\"> Books rearranged on 2nd and 3rd floors <\/p>\n\n\n\n<p>It&#8217;s getting serious! From August 7, the library is moving.<\/p>\n\n\n\n<p>One of many preparations for the move has been completed: Some of the books that will be moving out of the Central Library are compiled on the 2nd and 3rd floors. Therefore, from now on you will find many books in different locations than you are used to. You can always find out the exact location via <a href=\"https:\/\/katalog.ub.tu-dortmund.de\/\">catalog plus<\/a>.<\/p>\n\n\n\n<p>Some of these books will move to the Emil-Figge-Bibliothek (humanities and social sciences) in August, while others will move to the new Sebrath-Bibliothek on the edge of the Technology Park (natural sciences, economics, technology).<\/p>\n\n\n\n<p>Per subject, the newest volumes will move. The remaining, much larger holdings from all subjects of the Central Library &#8211; about 650,000 titles &#8211; will be moved to a storage magazine later; more information will follow. From the closure of the old building, you will be able to order these volumes via catalog plus and pick them up in the Emil-Figge-Bibliothek.<\/p>\n\n\n\n<p>Until the beginning of August, you can still borrow all books from the Central Library as usual and return them later to the Emil-Figge-Bibliothek.<\/p>\n\n\n\n<p><strong>Contact<\/strong><\/p>\n\n\n\n<ul class=\"wp-block-list\">\n<li>E-mail: <a href=\"mailto:service.ub@tu-dortmund.de\">service.ub@tu-dortmund.de<\/a><\/li>\n\n\n\n<li><a href=\"https:\/\/mibew.ub.tu-dortmund.de\/mibew\/index.php\/chat?locale=de\">Chat<\/a><\/li>\n\n\n\n<li>Phone Service Center: +49 (0)231 755 4000 or 4001<\/li>\n<\/ul>\n","protected":false},"excerpt":{"rendered":"<p>So langsam wird es ernst! Ab 7. August zieht die Bibliothek um. Eine von vielen Umzugsvorbereitungen ist abgeschlossen: Ein Teil der B\u00fccher, die aus der Zentralbibliothek ausziehen werden, ist schon jetzt im 2. und 3. Obergeschoss zusammen aufgestellt worden. Daher finden Sie viele B\u00fccher ab sofort an anderen Stellen als gewohnt. Den genauen Standort k\u00f6nnen [&hellip;]<\/p>\n","protected":false},"author":2,"featured_media":0,"comment_status":"open","ping_status":"open","sticky":false,"template":"","format":"standard","meta":{"footnotes":""},"categories":[20],"tags":[],"class_list":["post-494","post","type-post","status-publish","format-standard","hentry","category-umzug"],"_links":{"self":[{"href":"https:\/\/baublog.ub.tu-dortmund.de\/index.php\/wp-json\/wp\/v2\/posts\/494","targetHints":{"allow":["GET"]}}],"collection":[{"href":"https:\/\/baublog.ub.tu-dortmund.de\/index.php\/wp-json\/wp\/v2\/posts"}],"about":[{"href":"https:\/\/baublog.ub.tu-dortmund.de\/index.php\/wp-json\/wp\/v2\/types\/post"}],"author":[{"embeddable":true,"href":"https:\/\/baublog.ub.tu-dortmund.de\/index.php\/wp-json\/wp\/v2\/users\/2"}],"replies":[{"embeddable":true,"href":"https:\/\/baublog.ub.tu-dortmund.de\/index.php\/wp-json\/wp\/v2\/comments?post=494"}],"version-history":[{"count":5,"href":"https:\/\/baublog.ub.tu-dortmund.de\/index.php\/wp-json\/wp\/v2\/posts\/494\/revisions"}],"predecessor-version":[{"id":602,"href":"https:\/\/baublog.ub.tu-dortmund.de\/index.php\/wp-json\/wp\/v2\/posts\/494\/revisions\/602"}],"wp:attachment":[{"href":"https:\/\/baublog.ub.tu-dortmund.de\/index.php\/wp-json\/wp\/v2\/media?parent=494"}],"wp:term":[{"taxonomy":"category","embeddable":true,"href":"https:\/\/baublog.ub.tu-dortmund.de\/index.php\/wp-json\/wp\/v2\/categories?post=494"},{"taxonomy":"post_tag","embeddable":true,"href":"https:\/\/baublog.ub.tu-dortmund.de\/index.php\/wp-json\/wp\/v2\/tags?post=494"}],"curies":[{"name":"wp","href":"https:\/\/api.w.org\/{rel}","templated":true}]}}